{"id":107511,"date":"2024-07-24T12:40:36","date_gmt":"2024-07-24T12:40:36","guid":{"rendered":"https:\/\/mallorcamedicalgroup.com\/?p=107511"},"modified":"2026-01-06T09:51:06","modified_gmt":"2026-01-06T09:51:06","slug":"tratamientos-faciales-entre-los-25-a-35-anos","status":"publish","type":"post","link":"https:\/\/mallorcamedicalgroup.com\/en\/blog\/series-en-2\/facial-treatments\/tratamientos-faciales-entre-los-25-a-35-anos\/","title":{"rendered":"Tratamientos faciales entre los 25 a 35 a\u00f1os"},"content":{"rendered":"<p><strong>Tratamientos Faciales entre 25 y 35 A\u00f1os<\/strong><\/p>\n<p><span style=\"font-weight: 400;\">\u00a0<\/span><\/p>\n<p><span style=\"font-weight: 400;\">Durante la etapa de los 25 a 35 a\u00f1os, la piel generalmente mantiene su elasticidad y capacidad de autoregeneraci\u00f3n. Sin embargo, es importante comenzar con tratamientos nutritivos y preventivos para prolongar su salud y apariencia. A continuaci\u00f3n, exploramos las recomendaciones y opciones de tratamiento para este grupo de edad.<\/span><\/p>\n<p><b>\u00a0<iframe title=\"YouTube video player\" src=\"https:\/\/www.youtube.com\/embed\/gMN5oJAZZa0?si=QxRfBezO4ijaBSbe\" width=\"560\" height=\"315\" frameborder=\"0\" allowfullscreen=\"allowfullscreen\"><\/iframe><\/b><\/p>\n<p><b>\u00a0Calidad de la Piel<\/b><\/p>\n<p><span style=\"font-weight: 400;\">\u00a0<\/span><\/p>\n<p><span style=\"font-weight: 400;\">En esta etapa, la piel es generalmente el\u00e1stica y tiene una gran capacidad de autoregeneraci\u00f3n. Para mantener y mejorar estas cualidades, recomendamos tratamientos nutritivos y preventivos que aseguren la longevidad y vitalidad de la piel.<\/span><\/p>\n<p><span style=\"font-weight: 400;\">\u00a0<\/span><\/p>\n<p><b>\u00a0Estructura Cervicofacial<\/b><\/p>\n<p><span style=\"font-weight: 400;\">\u00a0<\/span><\/p>\n<p><span style=\"font-weight: 400;\">Usualmente no es necesario tratar la estructura facial en personas de 25 a 35 a\u00f1os, salvo en casos con cambios necesarios por causas cong\u00e9nitas. Recomendamos cambios muy moderados para mantener la naturalidad y armon\u00eda del rostro.<\/span><\/p>\n<p><span style=\"font-weight: 400;\">\u00a0<\/span><\/p>\n<p><b>Opciones de Tratamiento<\/b><\/p>\n<p><span style=\"font-weight: 400;\">\u00a0<\/span><\/p>\n<p><b>1.Tratamientos para la textura de la piel<\/b><\/p>\n<p><span style=\"font-weight: 400;\">Cosm\u00e9ticos<\/span><\/p>\n<ul>\n<li aria-level=\"1\">HA-XTRM Serum: Un potente suero de ACIDO HIALUR\u00d3NICO al 90% hidratante que mejora la elasticidad y firmeza de la piel, ideal para combatir la sequedad y las arrugas finas.<\/li>\n<\/ul>\n<ul>\n<li aria-level=\"1\">C-XTRM Serum + H-XTRM Cream: Un d\u00fao antioxidante y nutritivo que combinao protege la piel contra los radicales libres y mejora su textura y luminosidad.<\/li>\n<\/ul>\n<p><span style=\"font-weight: 400;\">\u00a0<\/span><\/p>\n<p><span style=\"font-weight: 400;\">M\u00e9dicos<\/span><\/p>\n<p><span style=\"font-weight: 400;\"><a href=\"https:\/\/mallorcamedicalgroup.com\/en\/blog\/aesthetic-medicine-en\/treatment-of-expression-wrinkles-by-neuromodulators\/\" target=\"_blank\" rel=\"noopener\">BOTOX<\/a>: Utilizado para prevenir la formaci\u00f3n de arrugas din\u00e1micas en \u00e1reas como la frente y alrededor de los ojos, manteniendo una apariencia juvenil y relajada.<\/span><\/p>\n<p><span style=\"font-weight: 400;\"><a href=\"https:\/\/mallorcamedicalgroup.com\/en\/procedures\/cosmetic-medicine\/facial-peeling\/\" target=\"_blank\" rel=\"noopener\">Peeling<\/a> (solo en oto\u00f1o e invierno): Ayuda a renovar la superficie de la piel, mejorando su textura y eliminando c\u00e9lulas muertas para un aspecto m\u00e1s fresco y luminoso.<\/span><\/p>\n<p><span style=\"font-weight: 400;\">\u00a0<\/span><\/p>\n<p><span style=\"font-weight: 400;\">Regenerativos<\/span><\/p>\n<ul>\n<li style=\"font-weight: 400;\" aria-level=\"1\"><span style=\"font-weight: 400;\">Mesoterapia L\u00e1ser (LASER + PRGF): Este es un tratamiento muy popular de r\u00e1\u00ecda recuperaci\u00f3n, que combina el l\u00e1ser con plasma rico en factores de crecimiento para estimular la regeneraci\u00f3n celular y mejorar la textura y tono de la piel.<\/span><\/li>\n<\/ul>\n<ul>\n<li style=\"font-weight: 400;\" aria-level=\"1\"><span style=\"font-weight: 400;\"><a href=\"https:\/\/mallorcamedicalgroup.com\/en\/blog\/aesthetic-medicine-en\/fractional-co2-laser-and-prp-the-winning-combination-for-skin-rejuvenation\/\" target=\"_blank\" rel=\"noopener\">LASER CO2<\/a> Fraccionado: Este tratamiento ablativo mejora la textura de la piel, reduce cicatrices y manchas, y promueve la regeneraci\u00f3n del col\u00e1geno.<\/span><\/li>\n<\/ul>\n<ul>\n<li style=\"font-weight: 400;\" aria-level=\"1\"><span style=\"font-weight: 400;\"><a href=\"https:\/\/mallorcamedicalgroup.com\/en\/procedures\/laser\/laser-treatments\/\" target=\"_blank\" rel=\"noopener\">LASER<\/a> para las manchas de la piel.<\/span><\/li>\n<\/ul>\n<p><span style=\"font-weight: 400;\">\u00a0\u00a0<\/span><\/p>\n<p><b>2.Tratamientos Estructurales<\/b><\/p>\n<p><span style=\"font-weight: 400;\">M\u00e9dicos\u00a0\u00a0<\/span><\/p>\n<ul>\n<li style=\"font-weight: 400;\" aria-level=\"1\"><span style=\"font-weight: 400;\"><a href=\"https:\/\/mallorcamedicalgroup.com\/en\/procedures\/cosmetic-medicine\/facial-fillers\/\" target=\"_blank\" rel=\"noopener\">Rellenos<\/a>: La hidroxiapatita c\u00e1lcica y el \u00e1cido hialur\u00f3nico son ideales para a\u00f1adir volumen y suavizar l\u00edneas sin cambiar dr\u00e1sticamente la apariencia facial.<\/span><\/li>\n<li style=\"font-weight: 400;\" aria-level=\"1\"><span style=\"font-weight: 400;\">Lipofilling Enriquecido en ojeras , surcos infraorbitarios pliegues nasolabiales. Usa grasa del propio cuerpo enriquecida con plasma rico en plaquetas para restaurar el volumen facial de manera natural y duradera.<\/span><\/li>\n<\/ul>\n<p><span style=\"font-weight: 400;\">Quir\u00fargicos<\/span><\/p>\n<ul>\n<li style=\"font-weight: 400;\" aria-level=\"1\"><span style=\"font-weight: 400;\"><a href=\"https:\/\/mallorcamedicalgroup.com\/en\/procedures\/plastic-surgery\/facial-surgery\/eyelid-surgery\/\" target=\"_blank\" rel=\"noopener\">Cirug\u00eda Periocular<\/a>: Procedimientos como la blefaroplastia pueden rejuvenecer el \u00e1rea de los ojos, eliminando bolsas y exceso de piel.<\/span><\/li>\n<li style=\"font-weight: 400;\" aria-level=\"1\"><span style=\"font-weight: 400;\"><a href=\"https:\/\/mallorcamedicalgroup.com\/en\/rinoplastia-2\/\" target=\"_blank\" rel=\"noopener\">Rinoplastia<\/a>: Mejora la forma y funci\u00f3n de la nariz, armonizando las proporciones faciales.<\/span><\/li>\n<li style=\"font-weight: 400;\" aria-level=\"1\"><span style=\"font-weight: 400;\"><a href=\"https:\/\/mallorcamedicalgroup.com\/en\/procedures\/plastic-surgery\/facial-surgery\/\" target=\"_blank\" rel=\"noopener\">Liplift<\/a>: Eleva y acorta el labio superior, proporcionando un aspecto m\u00e1s juvenil y atractivo.<\/span><\/li>\n<li style=\"font-weight: 400;\" aria-level=\"1\"><span style=\"font-weight: 400;\"><a href=\"https:\/\/mallorcamedicalgroup.com\/en\/procedures\/plastic-surgery\/facial-surgery\/facial-lipofilling\/\" target=\"_blank\" rel=\"noopener\">Lipofilling<\/a> Enriquecido con PRP: Utiliza grasa del propio cuerpo enriquecida con plasma rico en plaquetas para restaurar el volumen facial de manera natural y duradera.<\/span><\/li>\n<\/ul>\n<p><span style=\"font-weight: 400;\">\u00a0<\/span><\/p>\n<ol start=\"3\">\n<li><b> Combinaci\u00f3n de Tratamientos<\/b><\/li>\n<\/ol>\n<p><span style=\"font-weight: 400;\">\u00a0<\/span><\/p>\n<p><span style=\"font-weight: 400;\">Estos tratamientos pueden combinarse y aplicarse a lo largo del a\u00f1o seg\u00fan las necesidades individuales y bajo la supervisi\u00f3n de un profesional m\u00e9dico. La franja de edad es orientativa, y cada tratamiento debe ser personalizado para obtener los mejores resultados.<\/span><\/p>\n<p><span style=\"font-weight: 400;\">\u00a0<\/span><span style=\"font-weight: 400;\">\u00a0<\/span><\/p>\n<p><span style=\"font-weight: 400;\">Estos tratamientos son esenciales para mantener una piel joven y saludable. Para obtener m\u00e1s informaci\u00f3n y una evaluaci\u00f3n personalizada, no dudes en <a href=\"https:\/\/mallorcamedicalgroup.com\/en\/about-us\/dr-garcia-ceballos\/\" target=\"_blank\" rel=\"noopener\">consultar con nuestros especialistas<\/a>.<\/span><\/p>\n<p><span style=\"font-weight: 400;\">\u00a0<\/span><\/p>\n","protected":false},"excerpt":{"rendered":"<p>Tratamientos Faciales entre 25 y 35 A\u00f1os \u00a0 Durante la etapa de los 25 a 35 a\u00f1os, la piel generalmente [&hellip;]<\/p>\n","protected":false},"author":1,"featured_media":107509,"comment_status":"open","ping_status":"closed","sticky":false,"template":"","format":"standard","meta":{"footnotes":""},"categories":[295,682],"tags":[297],"class_list":["post-107511","post","type-post","status-publish","format-standard","has-post-thumbnail","hentry","category-facial-treatments","category-consejos-cirugia-plastica-en","tag-rejuvenecimiento-facial-en"],"_links":{"self":[{"href":"https:\/\/mallorcamedicalgroup.com\/en\/wp-json\/wp\/v2\/posts\/107511","targetHints":{"allow":["GET"]}}],"collection":[{"href":"https:\/\/mallorcamedicalgroup.com\/en\/wp-json\/wp\/v2\/posts"}],"about":[{"href":"https:\/\/mallorcamedicalgroup.com\/en\/wp-json\/wp\/v2\/types\/post"}],"author":[{"embeddable":true,"href":"https:\/\/mallorcamedicalgroup.com\/en\/wp-json\/wp\/v2\/users\/1"}],"replies":[{"embeddable":true,"href":"https:\/\/mallorcamedicalgroup.com\/en\/wp-json\/wp\/v2\/comments?post=107511"}],"version-history":[{"count":8,"href":"https:\/\/mallorcamedicalgroup.com\/en\/wp-json\/wp\/v2\/posts\/107511\/revisions"}],"predecessor-version":[{"id":109395,"href":"https:\/\/mallorcamedicalgroup.com\/en\/wp-json\/wp\/v2\/posts\/107511\/revisions\/109395"}],"wp:featuredmedia":[{"embeddable":true,"href":"https:\/\/mallorcamedicalgroup.com\/en\/wp-json\/wp\/v2\/media\/107509"}],"wp:attachment":[{"href":"https:\/\/mallorcamedicalgroup.com\/en\/wp-json\/wp\/v2\/media?parent=107511"}],"wp:term":[{"taxonomy":"category","embeddable":true,"href":"https:\/\/mallorcamedicalgroup.com\/en\/wp-json\/wp\/v2\/categories?post=107511"},{"taxonomy":"post_tag","embeddable":true,"href":"https:\/\/mallorcamedicalgroup.com\/en\/wp-json\/wp\/v2\/tags?post=107511"}],"curies":[{"name":"wp","href":"https:\/\/api.w.org\/{rel}","templated":true}]}}